{"id":7027,"date":"2023-07-11T07:55:10","date_gmt":"2023-07-11T10:55:10","guid":{"rendered":"https:\/\/www.lablife.com.br\/site\/?p=7027"},"modified":"2023-07-11T07:55:10","modified_gmt":"2023-07-11T10:55:10","slug":"lablife-realiza-arraia-entre-colaboradores-e-convidados","status":"publish","type":"post","link":"https:\/\/www.lablife.com.br\/site\/lablife-realiza-arraia-entre-colaboradores-e-convidados\/","title":{"rendered":"Lablife realiza Arrai\u00e1 entre colaboradores e convidados"},"content":{"rendered":"<p>No s\u00e1bado, dia 08 de julho, o Lablife entrou no clima de S\u00e3o Jo\u00e3o e realizou um verdadeiro Arrai\u00e1 para seus colaboradores e convidados. Na ocasi\u00e3o, os presentes puderam desfrutar de muita comida boa, m\u00fasica alegre e uma festan\u00e7a pra l\u00e1 de animada.<\/p>\n<p><img fetchpriority=\"high\" decoding=\"async\" class=\"aligncenter size-full wp-image-7030\" src=\"https:\/\/www.lablife.com.br\/site\/wp-content\/uploads\/2023\/07\/IMG_0526-scaled.jpg\" alt=\"\" width=\"2560\" height=\"1707\" srcset=\"https:\/\/www.lablife.com.br\/site\/wp-content\/uploads\/2023\/07\/IMG_0526-scaled.jpg 2560w, https:\/\/www.lablife.com.br\/site\/wp-content\/uploads\/2023\/07\/IMG_0526-300x200.jpg 300w, https:\/\/www.lablife.com.br\/site\/wp-content\/uploads\/2023\/07\/IMG_0526-1024x683.jpg 1024w, https:\/\/www.lablife.com.br\/site\/wp-content\/uploads\/2023\/07\/IMG_0526-768x512.jpg 768w, https:\/\/www.lablife.com.br\/site\/wp-content\/uploads\/2023\/07\/IMG_0526-1536x1024.jpg 1536w, https:\/\/www.lablife.com.br\/site\/wp-content\/uploads\/2023\/07\/IMG_0526-2048x1365.jpg 2048w\" sizes=\"(max-width: 2560px) 100vw, 2560px\" \/><\/p>\n<p>O evento contou com a presen\u00e7a de todos os gestores do laborat\u00f3rio Lablife, que aproveitaram o momento para relaxar e curtir essa experi\u00eancia \u00fanica e inesquec\u00edvel. Foi uma noite \u00edmpar que, com certeza, ficar\u00e1 marcada na hist\u00f3ria do laborat\u00f3rio.<\/p>\n<p>O Arrai\u00e1 Lablife foi realizado no restaurante Nova Terra Restobar, que fica localizado na Rua Desembargador Pires de Castro, no Centro Sul de Teresina.<\/p>\n","protected":false},"excerpt":{"rendered":"<p>No s\u00e1bado, dia 08 de julho, o Lablife entrou no clima de S\u00e3o Jo\u00e3o e realizou um verdadeiro Arrai\u00e1 para seus colaboradores e convidados. Na ocasi\u00e3o, os presentes puderam desfrutar de muita comida boa, m\u00fasica alegre e uma festan\u00e7a pra l\u00e1 de animada. O evento contou com a presen\u00e7a de todos os gestores do laborat\u00f3rio [&hellip;]<\/p>\n","protected":false},"author":3,"featured_media":7030,"comment_status":"closed","ping_status":"closed","sticky":false,"template":"","format":"standard","meta":{"footnotes":""},"categories":[1],"tags":[107,109,52,69,108,83,45],"class_list":["post-7027","post","type-post","status-publish","format-standard","has-post-thumbnail","hentry","category-geral","tag-arraia","tag-festa","tag-lablife","tag-piaui","tag-sao-joao","tag-saude","tag-teresina"],"aioseo_notices":[],"_links":{"self":[{"href":"https:\/\/www.lablife.com.br\/site\/wp-json\/wp\/v2\/posts\/7027","targetHints":{"allow":["GET"]}}],"collection":[{"href":"https:\/\/www.lablife.com.br\/site\/wp-json\/wp\/v2\/posts"}],"about":[{"href":"https:\/\/www.lablife.com.br\/site\/wp-json\/wp\/v2\/types\/post"}],"author":[{"embeddable":true,"href":"https:\/\/www.lablife.com.br\/site\/wp-json\/wp\/v2\/users\/3"}],"replies":[{"embeddable":true,"href":"https:\/\/www.lablife.com.br\/site\/wp-json\/wp\/v2\/comments?post=7027"}],"version-history":[{"count":1,"href":"https:\/\/www.lablife.com.br\/site\/wp-json\/wp\/v2\/posts\/7027\/revisions"}],"predecessor-version":[{"id":7031,"href":"https:\/\/www.lablife.com.br\/site\/wp-json\/wp\/v2\/posts\/7027\/revisions\/7031"}],"wp:featuredmedia":[{"embeddable":true,"href":"https:\/\/www.lablife.com.br\/site\/wp-json\/wp\/v2\/media\/7030"}],"wp:attachment":[{"href":"https:\/\/www.lablife.com.br\/site\/wp-json\/wp\/v2\/media?parent=7027"}],"wp:term":[{"taxonomy":"category","embeddable":true,"href":"https:\/\/www.lablife.com.br\/site\/wp-json\/wp\/v2\/categories?post=7027"},{"taxonomy":"post_tag","embeddable":true,"href":"https:\/\/www.lablife.com.br\/site\/wp-json\/wp\/v2\/tags?post=7027"}],"curies":[{"name":"wp","href":"https:\/\/api.w.org\/{rel}","templated":true}]}}