{"id":7010,"date":"2023-05-11T08:25:57","date_gmt":"2023-05-11T11:25:57","guid":{"rendered":"https:\/\/www.lablife.com.br\/site\/?p=7010"},"modified":"2023-05-11T08:25:57","modified_gmt":"2023-05-11T11:25:57","slug":"lablife-marca-presenca-no-evento-delas-day-do-sebrae-piaui","status":"publish","type":"post","link":"https:\/\/www.lablife.com.br\/site\/lablife-marca-presenca-no-evento-delas-day-do-sebrae-piaui\/","title":{"rendered":"Lablife marca presen\u00e7a no evento Delas Day do Sebrae Piau\u00ed"},"content":{"rendered":"<p><img fetchpriority=\"high\" decoding=\"async\" class=\"aligncenter size-full wp-image-7009\" src=\"https:\/\/www.lablife.com.br\/site\/wp-content\/uploads\/2023\/05\/WhatsApp-Image-2023-05-10-at-10.21.14.jpeg\" alt=\"\" width=\"1080\" height=\"1080\" srcset=\"https:\/\/www.lablife.com.br\/site\/wp-content\/uploads\/2023\/05\/WhatsApp-Image-2023-05-10-at-10.21.14.jpeg 1080w, https:\/\/www.lablife.com.br\/site\/wp-content\/uploads\/2023\/05\/WhatsApp-Image-2023-05-10-at-10.21.14-300x300.jpeg 300w, https:\/\/www.lablife.com.br\/site\/wp-content\/uploads\/2023\/05\/WhatsApp-Image-2023-05-10-at-10.21.14-1024x1024.jpeg 1024w, https:\/\/www.lablife.com.br\/site\/wp-content\/uploads\/2023\/05\/WhatsApp-Image-2023-05-10-at-10.21.14-150x150.jpeg 150w, https:\/\/www.lablife.com.br\/site\/wp-content\/uploads\/2023\/05\/WhatsApp-Image-2023-05-10-at-10.21.14-768x768.jpeg 768w\" sizes=\"(max-width: 1080px) 100vw, 1080px\" \/><\/p>\n<p>Nossas colaboradoras l\u00edderes Fabiana Barbosa e Paula Santos, durante participa\u00e7\u00e3o no evento Delas Day, promovido pelo Sebrae Piau\u00ed.<\/p>\n<p>O objetivo do encontro foi gerar networking, insights e transforma\u00e7\u00e3o ao empreendedorismo feminino no Piau\u00ed. O evento contou com a presen\u00e7a de renomadas l\u00edderes da \u00e1rea, tanto em n\u00edvel regional quanto nacional.<\/p>\n","protected":false},"excerpt":{"rendered":"<p>Nossas colaboradoras l\u00edderes Fabiana Barbosa e Paula Santos, durante participa\u00e7\u00e3o no evento Delas Day, promovido pelo Sebrae Piau\u00ed. O objetivo do encontro foi gerar networking, insights e transforma\u00e7\u00e3o ao empreendedorismo feminino no Piau\u00ed. O evento contou com a presen\u00e7a de renomadas l\u00edderes da \u00e1rea, tanto em n\u00edvel regional quanto nacional.<\/p>\n","protected":false},"author":3,"featured_media":7009,"comment_status":"closed","ping_status":"closed","sticky":false,"template":"","format":"standard","meta":{"footnotes":""},"categories":[1],"tags":[103,105,52,79,104,45],"class_list":["post-7010","post","type-post","status-publish","format-standard","has-post-thumbnail","hentry","category-geral","tag-delasday","tag-empreendedorismo-feminino","tag-lablife","tag-lideres","tag-sebrae","tag-teresina"],"aioseo_notices":[],"_links":{"self":[{"href":"https:\/\/www.lablife.com.br\/site\/wp-json\/wp\/v2\/posts\/7010","targetHints":{"allow":["GET"]}}],"collection":[{"href":"https:\/\/www.lablife.com.br\/site\/wp-json\/wp\/v2\/posts"}],"about":[{"href":"https:\/\/www.lablife.com.br\/site\/wp-json\/wp\/v2\/types\/post"}],"author":[{"embeddable":true,"href":"https:\/\/www.lablife.com.br\/site\/wp-json\/wp\/v2\/users\/3"}],"replies":[{"embeddable":true,"href":"https:\/\/www.lablife.com.br\/site\/wp-json\/wp\/v2\/comments?post=7010"}],"version-history":[{"count":1,"href":"https:\/\/www.lablife.com.br\/site\/wp-json\/wp\/v2\/posts\/7010\/revisions"}],"predecessor-version":[{"id":7011,"href":"https:\/\/www.lablife.com.br\/site\/wp-json\/wp\/v2\/posts\/7010\/revisions\/7011"}],"wp:featuredmedia":[{"embeddable":true,"href":"https:\/\/www.lablife.com.br\/site\/wp-json\/wp\/v2\/media\/7009"}],"wp:attachment":[{"href":"https:\/\/www.lablife.com.br\/site\/wp-json\/wp\/v2\/media?parent=7010"}],"wp:term":[{"taxonomy":"category","embeddable":true,"href":"https:\/\/www.lablife.com.br\/site\/wp-json\/wp\/v2\/categories?post=7010"},{"taxonomy":"post_tag","embeddable":true,"href":"https:\/\/www.lablife.com.br\/site\/wp-json\/wp\/v2\/tags?post=7010"}],"curies":[{"name":"wp","href":"https:\/\/api.w.org\/{rel}","templated":true}]}}