{"id":6988,"date":"2023-04-04T08:03:41","date_gmt":"2023-04-04T11:03:41","guid":{"rendered":"https:\/\/www.lablife.com.br\/site\/?p=6988"},"modified":"2023-04-04T08:03:41","modified_gmt":"2023-04-04T11:03:41","slug":"lablife-participa-de-primeiro-forum-de-executivos-da-saude-no-piaui","status":"publish","type":"post","link":"https:\/\/www.lablife.com.br\/site\/lablife-participa-de-primeiro-forum-de-executivos-da-saude-no-piaui\/","title":{"rendered":"Lablife participa de Primeiro F\u00f3rum de Executivos da Sa\u00fade no Piau\u00ed"},"content":{"rendered":"<p>Os diretores do Lablife, Dr. Jos\u00e9 Fontes, Dr. Fl\u00e1vio, dona Raimundinha Deusdar\u00e1, e a coordenadora de atendimento Fabiana Barbosa, participaram da primeira edi\u00e7\u00e3o do F\u00f3rum de Executivos da Sa\u00fade, realizado pelo CBEX, que aconteceu no Blue Tree Towers Rio Poty.<\/p>\n<p><img fetchpriority=\"high\" decoding=\"async\" class=\"aligncenter size-full wp-image-6989\" src=\"https:\/\/www.lablife.com.br\/site\/wp-content\/uploads\/2023\/04\/WhatsApp-Image-2023-04-03-at-10.15.04.jpeg\" alt=\"\" width=\"1125\" height=\"737\" srcset=\"https:\/\/www.lablife.com.br\/site\/wp-content\/uploads\/2023\/04\/WhatsApp-Image-2023-04-03-at-10.15.04.jpeg 1125w, https:\/\/www.lablife.com.br\/site\/wp-content\/uploads\/2023\/04\/WhatsApp-Image-2023-04-03-at-10.15.04-300x197.jpeg 300w, https:\/\/www.lablife.com.br\/site\/wp-content\/uploads\/2023\/04\/WhatsApp-Image-2023-04-03-at-10.15.04-1024x671.jpeg 1024w, https:\/\/www.lablife.com.br\/site\/wp-content\/uploads\/2023\/04\/WhatsApp-Image-2023-04-03-at-10.15.04-768x503.jpeg 768w\" sizes=\"(max-width: 1125px) 100vw, 1125px\" \/><\/p>\n<p>O evento teve como principal objetivo fomentar a discuss\u00e3o sobre a \u00e1rea da sa\u00fade no estado do Piau\u00ed, atrav\u00e9s de palestras, bate-papos e troca de experi\u00eancias entre profissionais renomados do cen\u00e1rio local e nacional.<\/p>\n<p><img decoding=\"async\" class=\"aligncenter size-full wp-image-6990\" src=\"https:\/\/www.lablife.com.br\/site\/wp-content\/uploads\/2023\/04\/WhatsApp-Image-2023-04-01-at-20.25.31.jpeg\" alt=\"\" width=\"1600\" height=\"1200\" srcset=\"https:\/\/www.lablife.com.br\/site\/wp-content\/uploads\/2023\/04\/WhatsApp-Image-2023-04-01-at-20.25.31.jpeg 1600w, https:\/\/www.lablife.com.br\/site\/wp-content\/uploads\/2023\/04\/WhatsApp-Image-2023-04-01-at-20.25.31-300x225.jpeg 300w, https:\/\/www.lablife.com.br\/site\/wp-content\/uploads\/2023\/04\/WhatsApp-Image-2023-04-01-at-20.25.31-1024x768.jpeg 1024w, https:\/\/www.lablife.com.br\/site\/wp-content\/uploads\/2023\/04\/WhatsApp-Image-2023-04-01-at-20.25.31-768x576.jpeg 768w, https:\/\/www.lablife.com.br\/site\/wp-content\/uploads\/2023\/04\/WhatsApp-Image-2023-04-01-at-20.25.31-1536x1152.jpeg 1536w, https:\/\/www.lablife.com.br\/site\/wp-content\/uploads\/2023\/04\/WhatsApp-Image-2023-04-01-at-20.25.31-600x450.jpeg 600w\" sizes=\"(max-width: 1600px) 100vw, 1600px\" \/><\/p>\n<p>O Lablife foi um dos parceiros do evento. Na ocasi\u00e3o os representantes puderam adquirir maior conhecimento e desenvolver pensamentos para melhorias na gest\u00e3o e no que diz respeito aos servi\u00e7os de sa\u00fade com qualidade em nossos laborat\u00f3rios.<\/p>\n","protected":false},"excerpt":{"rendered":"<p>Os diretores do Lablife, Dr. Jos\u00e9 Fontes, Dr. Fl\u00e1vio, dona Raimundinha Deusdar\u00e1, e a coordenadora de atendimento Fabiana Barbosa, participaram da primeira edi\u00e7\u00e3o do F\u00f3rum de Executivos da Sa\u00fade, realizado pelo CBEX, que aconteceu no Blue Tree Towers Rio Poty. O evento teve como principal objetivo fomentar a discuss\u00e3o sobre a \u00e1rea da sa\u00fade no [&hellip;]<\/p>\n","protected":false},"author":3,"featured_media":6989,"comment_status":"closed","ping_status":"closed","sticky":false,"template":"","format":"standard","meta":{"footnotes":""},"categories":[1],"tags":[98,99,93,52,83],"class_list":["post-6988","post","type-post","status-publish","format-standard","has-post-thumbnail","hentry","category-geral","tag-cbex","tag-conhecimento","tag-evento","tag-lablife","tag-saude"],"aioseo_notices":[],"_links":{"self":[{"href":"https:\/\/www.lablife.com.br\/site\/wp-json\/wp\/v2\/posts\/6988","targetHints":{"allow":["GET"]}}],"collection":[{"href":"https:\/\/www.lablife.com.br\/site\/wp-json\/wp\/v2\/posts"}],"about":[{"href":"https:\/\/www.lablife.com.br\/site\/wp-json\/wp\/v2\/types\/post"}],"author":[{"embeddable":true,"href":"https:\/\/www.lablife.com.br\/site\/wp-json\/wp\/v2\/users\/3"}],"replies":[{"embeddable":true,"href":"https:\/\/www.lablife.com.br\/site\/wp-json\/wp\/v2\/comments?post=6988"}],"version-history":[{"count":1,"href":"https:\/\/www.lablife.com.br\/site\/wp-json\/wp\/v2\/posts\/6988\/revisions"}],"predecessor-version":[{"id":6991,"href":"https:\/\/www.lablife.com.br\/site\/wp-json\/wp\/v2\/posts\/6988\/revisions\/6991"}],"wp:featuredmedia":[{"embeddable":true,"href":"https:\/\/www.lablife.com.br\/site\/wp-json\/wp\/v2\/media\/6989"}],"wp:attachment":[{"href":"https:\/\/www.lablife.com.br\/site\/wp-json\/wp\/v2\/media?parent=6988"}],"wp:term":[{"taxonomy":"category","embeddable":true,"href":"https:\/\/www.lablife.com.br\/site\/wp-json\/wp\/v2\/categories?post=6988"},{"taxonomy":"post_tag","embeddable":true,"href":"https:\/\/www.lablife.com.br\/site\/wp-json\/wp\/v2\/tags?post=6988"}],"curies":[{"name":"wp","href":"https:\/\/api.w.org\/{rel}","templated":true}]}}