{"id":6961,"date":"2023-02-06T08:20:54","date_gmt":"2023-02-06T11:20:54","guid":{"rendered":"https:\/\/www.lablife.com.br\/site\/?p=6961"},"modified":"2023-02-06T08:20:54","modified_gmt":"2023-02-06T11:20:54","slug":"lablife-participa-de-lancamento-do-programa-de-aceleracao-no-piaui","status":"publish","type":"post","link":"https:\/\/www.lablife.com.br\/site\/lablife-participa-de-lancamento-do-programa-de-aceleracao-no-piaui\/","title":{"rendered":"Lablife participa de lan\u00e7amento do Programa de Acelera\u00e7\u00e3o no Piau\u00ed"},"content":{"rendered":"<p>No s\u00e1bado, dia 04 de fevereiro, os colaboradores do Lablife, Francinete Silva (Supervisora de TI) e Thiago Fontes (Coordenador administrativo e financeiro), estiveram presentes na solenidade de lan\u00e7amento do Programa de Acelera\u00e7\u00e3o, da Startup Piau\u00ed com a metodologia MIT (Institute Technology de Massachusetts). O evento aconteceu no Pal\u00e1cio de Karnak.<\/p>\n<p><img fetchpriority=\"high\" decoding=\"async\" class=\"aligncenter size-full wp-image-6962\" src=\"https:\/\/www.lablife.com.br\/site\/wp-content\/uploads\/2023\/02\/WhatsApp-Image-2023-02-06-at-07.42.47.jpeg\" alt=\"\" width=\"1200\" height=\"1600\" srcset=\"https:\/\/www.lablife.com.br\/site\/wp-content\/uploads\/2023\/02\/WhatsApp-Image-2023-02-06-at-07.42.47.jpeg 1200w, https:\/\/www.lablife.com.br\/site\/wp-content\/uploads\/2023\/02\/WhatsApp-Image-2023-02-06-at-07.42.47-225x300.jpeg 225w, https:\/\/www.lablife.com.br\/site\/wp-content\/uploads\/2023\/02\/WhatsApp-Image-2023-02-06-at-07.42.47-768x1024.jpeg 768w, https:\/\/www.lablife.com.br\/site\/wp-content\/uploads\/2023\/02\/WhatsApp-Image-2023-02-06-at-07.42.47-1152x1536.jpeg 1152w\" sizes=\"(max-width: 1200px) 100vw, 1200px\" \/><br \/>\nNa ocasi\u00e3o, os colaboradores representantes puderam adquirir ensinamentos e aprimorar os conhecimentos no que diz respeito ao programa. No Piau\u00ed, o projeto vai contemplar pelo menos 400 startups, principalmente na \u00e1rea da sa\u00fade, educa\u00e7\u00e3o, turismo, agroneg\u00f3cio e agricultura familiar.<\/p>\n","protected":false},"excerpt":{"rendered":"<p>No s\u00e1bado, dia 04 de fevereiro, os colaboradores do Lablife, Francinete Silva (Supervisora de TI) e Thiago Fontes (Coordenador administrativo e financeiro), estiveram presentes na solenidade de lan\u00e7amento do Programa de Acelera\u00e7\u00e3o, da Startup Piau\u00ed com a metodologia MIT (Institute Technology de Massachusetts). O evento aconteceu no Pal\u00e1cio de Karnak. Na ocasi\u00e3o, os colaboradores representantes [&hellip;]<\/p>\n","protected":false},"author":3,"featured_media":6963,"comment_status":"closed","ping_status":"closed","sticky":false,"template":"","format":"standard","meta":{"footnotes":""},"categories":[1],"tags":[52,85,69,83,84,82],"class_list":["post-6961","post","type-post","status-publish","format-standard","has-post-thumbnail","hentry","category-geral","tag-lablife","tag-mit","tag-piaui","tag-saude","tag-saude-piaui","tag-startup"],"aioseo_notices":[],"_links":{"self":[{"href":"https:\/\/www.lablife.com.br\/site\/wp-json\/wp\/v2\/posts\/6961","targetHints":{"allow":["GET"]}}],"collection":[{"href":"https:\/\/www.lablife.com.br\/site\/wp-json\/wp\/v2\/posts"}],"about":[{"href":"https:\/\/www.lablife.com.br\/site\/wp-json\/wp\/v2\/types\/post"}],"author":[{"embeddable":true,"href":"https:\/\/www.lablife.com.br\/site\/wp-json\/wp\/v2\/users\/3"}],"replies":[{"embeddable":true,"href":"https:\/\/www.lablife.com.br\/site\/wp-json\/wp\/v2\/comments?post=6961"}],"version-history":[{"count":1,"href":"https:\/\/www.lablife.com.br\/site\/wp-json\/wp\/v2\/posts\/6961\/revisions"}],"predecessor-version":[{"id":6964,"href":"https:\/\/www.lablife.com.br\/site\/wp-json\/wp\/v2\/posts\/6961\/revisions\/6964"}],"wp:featuredmedia":[{"embeddable":true,"href":"https:\/\/www.lablife.com.br\/site\/wp-json\/wp\/v2\/media\/6963"}],"wp:attachment":[{"href":"https:\/\/www.lablife.com.br\/site\/wp-json\/wp\/v2\/media?parent=6961"}],"wp:term":[{"taxonomy":"category","embeddable":true,"href":"https:\/\/www.lablife.com.br\/site\/wp-json\/wp\/v2\/categories?post=6961"},{"taxonomy":"post_tag","embeddable":true,"href":"https:\/\/www.lablife.com.br\/site\/wp-json\/wp\/v2\/tags?post=6961"}],"curies":[{"name":"wp","href":"https:\/\/api.w.org\/{rel}","templated":true}]}}