{"id":6946,"date":"2023-01-13T08:36:56","date_gmt":"2023-01-13T11:36:56","guid":{"rendered":"https:\/\/www.lablife.com.br\/site\/?p=6946"},"modified":"2023-01-13T08:36:56","modified_gmt":"2023-01-13T11:36:56","slug":"biomedicos-do-lablife-sao-homenageados-pelo-conselho-federal-de-biomedicina","status":"publish","type":"post","link":"https:\/\/www.lablife.com.br\/site\/biomedicos-do-lablife-sao-homenageados-pelo-conselho-federal-de-biomedicina\/","title":{"rendered":"Biom\u00e9dicos do Lablife s\u00e3o homenageados pelo Conselho Federal de Biomedicina"},"content":{"rendered":"<p>Na ter\u00e7a-feira, dia 10 de janeiro, parte da nossa equipe de Biom\u00e9dicos participou de uma importante reuni\u00e3o com o Conselho Federal de Biomedicina. O encontro aconteceu no Oyo Real Palace Hotel. A equipe de colaboradores do Lablife que esteve presente na ocasi\u00e3o, foi composta por: Dr. Jos\u00e9 Fontes, Dr. Carlos, Dr. Filipe Alc\u00e2ntra, Dra. Kathleen e Dra. Marcela.<\/p>\n<p>O encontro trouxe v\u00e1rias pautas e, dentre elas, a import\u00e2ncia da cria\u00e7\u00e3o de um novo Conselho Regional. A reuni\u00e3o foi exclusiva com Biom\u00e9dicos Gestores e propriet\u00e1rios. O Lablife atualmente est\u00e1 entre os laborat\u00f3rios com maior n\u00famero de Biom\u00e9dicos contratados no Piau\u00ed e sempre trabalhou para o crescimento da profiss\u00e3o no Estado.<\/p>\n<p>Na ocasi\u00e3o, o diretor geral do Lablife, Biom\u00e9dico Dr. Jos\u00e9 Fontes, foi homenageado pelo Conselho Federal de Biomedicina. Ele tem 41 anos de hist\u00f3ria na Biomedicina, e teve a oportunidade de contar um pouco da sua trajet\u00f3ria e os desafios superados na profiss\u00e3o.<\/p>\n<p><img fetchpriority=\"high\" decoding=\"async\" class=\"aligncenter size-full wp-image-6947\" src=\"https:\/\/www.lablife.com.br\/site\/wp-content\/uploads\/2023\/01\/WhatsApp-Image-2023-01-13-at-08.34.30-1.jpeg\" alt=\"\" width=\"1600\" height=\"739\" srcset=\"https:\/\/www.lablife.com.br\/site\/wp-content\/uploads\/2023\/01\/WhatsApp-Image-2023-01-13-at-08.34.30-1.jpeg 1600w, https:\/\/www.lablife.com.br\/site\/wp-content\/uploads\/2023\/01\/WhatsApp-Image-2023-01-13-at-08.34.30-1-300x139.jpeg 300w, https:\/\/www.lablife.com.br\/site\/wp-content\/uploads\/2023\/01\/WhatsApp-Image-2023-01-13-at-08.34.30-1-1024x473.jpeg 1024w, https:\/\/www.lablife.com.br\/site\/wp-content\/uploads\/2023\/01\/WhatsApp-Image-2023-01-13-at-08.34.30-1-768x355.jpeg 768w, https:\/\/www.lablife.com.br\/site\/wp-content\/uploads\/2023\/01\/WhatsApp-Image-2023-01-13-at-08.34.30-1-1536x709.jpeg 1536w\" sizes=\"(max-width: 1600px) 100vw, 1600px\" \/><\/p>\n<p>Al\u00e9m dele, a Biom\u00e9dica Dra. Marcela Queiroz, que faz parte do time Lablife, recebeu uma homenagem em nome do Lacen-PI onde tamb\u00e9m atua.<\/p>\n<p><img decoding=\"async\" class=\"aligncenter size-full wp-image-6948\" src=\"https:\/\/www.lablife.com.br\/site\/wp-content\/uploads\/2023\/01\/WhatsApp-Image-2023-01-13-at-08.34.30.jpeg\" alt=\"\" width=\"1600\" height=\"739\" srcset=\"https:\/\/www.lablife.com.br\/site\/wp-content\/uploads\/2023\/01\/WhatsApp-Image-2023-01-13-at-08.34.30.jpeg 1600w, https:\/\/www.lablife.com.br\/site\/wp-content\/uploads\/2023\/01\/WhatsApp-Image-2023-01-13-at-08.34.30-300x139.jpeg 300w, https:\/\/www.lablife.com.br\/site\/wp-content\/uploads\/2023\/01\/WhatsApp-Image-2023-01-13-at-08.34.30-1024x473.jpeg 1024w, https:\/\/www.lablife.com.br\/site\/wp-content\/uploads\/2023\/01\/WhatsApp-Image-2023-01-13-at-08.34.30-768x355.jpeg 768w, https:\/\/www.lablife.com.br\/site\/wp-content\/uploads\/2023\/01\/WhatsApp-Image-2023-01-13-at-08.34.30-1536x709.jpeg 1536w\" sizes=\"(max-width: 1600px) 100vw, 1600px\" \/><\/p>\n<p>Ainda em reuni\u00e3o, os gestores aproveitaram o momento para discorrer sobre as insatisfa\u00e7\u00f5es e falaram sobre a necessidade da valoriza\u00e7\u00e3o da profiss\u00e3o.<\/p>\n","protected":false},"excerpt":{"rendered":"<p>Na ter\u00e7a-feira, dia 10 de janeiro, parte da nossa equipe de Biom\u00e9dicos participou de uma importante reuni\u00e3o com o Conselho Federal de Biomedicina. O encontro aconteceu no Oyo Real Palace Hotel. A equipe de colaboradores do Lablife que esteve presente na ocasi\u00e3o, foi composta por: Dr. Jos\u00e9 Fontes, Dr. Carlos, Dr. Filipe Alc\u00e2ntra, Dra. Kathleen [&hellip;]<\/p>\n","protected":false},"author":3,"featured_media":6947,"comment_status":"closed","ping_status":"closed","sticky":false,"template":"","format":"standard","meta":{"footnotes":""},"categories":[1],"tags":[76,52,69,77],"class_list":["post-6946","post","type-post","status-publish","format-standard","has-post-thumbnail","hentry","category-geral","tag-homenagem","tag-lablife","tag-piaui","tag-reuniao"],"aioseo_notices":[],"_links":{"self":[{"href":"https:\/\/www.lablife.com.br\/site\/wp-json\/wp\/v2\/posts\/6946","targetHints":{"allow":["GET"]}}],"collection":[{"href":"https:\/\/www.lablife.com.br\/site\/wp-json\/wp\/v2\/posts"}],"about":[{"href":"https:\/\/www.lablife.com.br\/site\/wp-json\/wp\/v2\/types\/post"}],"author":[{"embeddable":true,"href":"https:\/\/www.lablife.com.br\/site\/wp-json\/wp\/v2\/users\/3"}],"replies":[{"embeddable":true,"href":"https:\/\/www.lablife.com.br\/site\/wp-json\/wp\/v2\/comments?post=6946"}],"version-history":[{"count":1,"href":"https:\/\/www.lablife.com.br\/site\/wp-json\/wp\/v2\/posts\/6946\/revisions"}],"predecessor-version":[{"id":6949,"href":"https:\/\/www.lablife.com.br\/site\/wp-json\/wp\/v2\/posts\/6946\/revisions\/6949"}],"wp:featuredmedia":[{"embeddable":true,"href":"https:\/\/www.lablife.com.br\/site\/wp-json\/wp\/v2\/media\/6947"}],"wp:attachment":[{"href":"https:\/\/www.lablife.com.br\/site\/wp-json\/wp\/v2\/media?parent=6946"}],"wp:term":[{"taxonomy":"category","embeddable":true,"href":"https:\/\/www.lablife.com.br\/site\/wp-json\/wp\/v2\/categories?post=6946"},{"taxonomy":"post_tag","embeddable":true,"href":"https:\/\/www.lablife.com.br\/site\/wp-json\/wp\/v2\/tags?post=6946"}],"curies":[{"name":"wp","href":"https:\/\/api.w.org\/{rel}","templated":true}]}}