{"id":6866,"date":"2022-11-29T11:04:39","date_gmt":"2022-11-29T14:04:39","guid":{"rendered":"https:\/\/www.lablife.com.br\/site\/?p=6866"},"modified":"2022-12-14T10:53:23","modified_gmt":"2022-12-14T13:53:23","slug":"governo-determina-uso-obrigatorio-de-mascaras-em-locais-fechados-no-piaui","status":"publish","type":"post","link":"https:\/\/www.lablife.com.br\/site\/governo-determina-uso-obrigatorio-de-mascaras-em-locais-fechados-no-piaui\/","title":{"rendered":"Governo determina uso obrigat\u00f3rio de m\u00e1scaras em locais fechados no Piau\u00ed"},"content":{"rendered":"<p>Na segunda-feira, dia 28\/11, a governadora do Piau\u00ed, Regina Sousa, assinou um novo decreto\u00a0(N\u00ba 21.644), determinando que volta a ser obrigat\u00f3rio o uso de m\u00e1scaras em locais fechados no Piau\u00ed. Essa determina\u00e7\u00e3o se d\u00e1 devido ao aumento no n\u00famero de casos de covid-19 no estado.<\/p>\n<p>Com isso, todas as pessoas devem usar as m\u00e1scaras para adentrar em ambientes fechados, sejam eles p\u00fablicos ou privados. A medida \u00e9 v\u00e1lida principalmente para ambientes como cl\u00ednicas, laborat\u00f3rios, hospitais, ambientes relacionados \u00e0 sa\u00fade de modo geral, e transportes p\u00fablicos. A determina\u00e7\u00e3o j\u00e1 entrou em vigor.<\/p>\n<p><img fetchpriority=\"high\" decoding=\"async\" class=\"aligncenter size-full wp-image-6867\" src=\"https:\/\/www.lablife.com.br\/site\/wp-content\/uploads\/2022\/11\/Use-mascara-Post-para-instagram-1.png\" alt=\"\" width=\"1080\" height=\"1080\" srcset=\"https:\/\/www.lablife.com.br\/site\/wp-content\/uploads\/2022\/11\/Use-mascara-Post-para-instagram-1.png 1080w, https:\/\/www.lablife.com.br\/site\/wp-content\/uploads\/2022\/11\/Use-mascara-Post-para-instagram-1-300x300.png 300w, https:\/\/www.lablife.com.br\/site\/wp-content\/uploads\/2022\/11\/Use-mascara-Post-para-instagram-1-1024x1024.png 1024w, https:\/\/www.lablife.com.br\/site\/wp-content\/uploads\/2022\/11\/Use-mascara-Post-para-instagram-1-150x150.png 150w, https:\/\/www.lablife.com.br\/site\/wp-content\/uploads\/2022\/11\/Use-mascara-Post-para-instagram-1-768x768.png 768w\" sizes=\"(max-width: 1080px) 100vw, 1080px\" \/><\/p>\n<p>O Lablife tamb\u00e9m se preocupa com a sa\u00fade e bem estar de todos os nossos clientes e colaboradores, portanto, refor\u00e7amos a import\u00e2ncia do uso da m\u00e1scara de prote\u00e7\u00e3o dentro das nossas unidades e postos de coleta. Al\u00e9m disso, os outros protocolos de seguran\u00e7a tamb\u00e9m s\u00e3o essenciais para o enfrentamento \u00e0 covid-19.<\/p>\n<p>Juntos conseguiremos, mais uma vez, enfrentar isso. Cuidar de voc\u00ea \u00e9 o nosso maior compromisso.<\/p>\n","protected":false},"excerpt":{"rendered":"<p>Na segunda-feira, dia 28\/11, a governadora do Piau\u00ed, Regina Sousa, assinou um novo decreto\u00a0(N\u00ba 21.644), determinando que volta a ser obrigat\u00f3rio o uso de m\u00e1scaras em locais fechados no Piau\u00ed. Essa determina\u00e7\u00e3o se d\u00e1 devido ao aumento no n\u00famero de casos de covid-19 no estado. Com isso, todas as pessoas devem usar as m\u00e1scaras para [&hellip;]<\/p>\n","protected":false},"author":3,"featured_media":6867,"comment_status":"closed","ping_status":"closed","sticky":false,"template":"","format":"standard","meta":{"footnotes":""},"categories":[1],"tags":[44,55,52,53,54],"class_list":["post-6866","post","type-post","status-publish","format-standard","has-post-thumbnail","hentry","category-geral","tag-covid-19","tag-cuidados","tag-lablife","tag-mascaras","tag-protecao"],"aioseo_notices":[],"_links":{"self":[{"href":"https:\/\/www.lablife.com.br\/site\/wp-json\/wp\/v2\/posts\/6866","targetHints":{"allow":["GET"]}}],"collection":[{"href":"https:\/\/www.lablife.com.br\/site\/wp-json\/wp\/v2\/posts"}],"about":[{"href":"https:\/\/www.lablife.com.br\/site\/wp-json\/wp\/v2\/types\/post"}],"author":[{"embeddable":true,"href":"https:\/\/www.lablife.com.br\/site\/wp-json\/wp\/v2\/users\/3"}],"replies":[{"embeddable":true,"href":"https:\/\/www.lablife.com.br\/site\/wp-json\/wp\/v2\/comments?post=6866"}],"version-history":[{"count":2,"href":"https:\/\/www.lablife.com.br\/site\/wp-json\/wp\/v2\/posts\/6866\/revisions"}],"predecessor-version":[{"id":6908,"href":"https:\/\/www.lablife.com.br\/site\/wp-json\/wp\/v2\/posts\/6866\/revisions\/6908"}],"wp:featuredmedia":[{"embeddable":true,"href":"https:\/\/www.lablife.com.br\/site\/wp-json\/wp\/v2\/media\/6867"}],"wp:attachment":[{"href":"https:\/\/www.lablife.com.br\/site\/wp-json\/wp\/v2\/media?parent=6866"}],"wp:term":[{"taxonomy":"category","embeddable":true,"href":"https:\/\/www.lablife.com.br\/site\/wp-json\/wp\/v2\/categories?post=6866"},{"taxonomy":"post_tag","embeddable":true,"href":"https:\/\/www.lablife.com.br\/site\/wp-json\/wp\/v2\/tags?post=6866"}],"curies":[{"name":"wp","href":"https:\/\/api.w.org\/{rel}","templated":true}]}}