{"id":6840,"date":"2022-09-26T14:01:00","date_gmt":"2022-09-26T17:01:00","guid":{"rendered":"https:\/\/www.lablife.com.br\/site\/?p=6840"},"modified":"2022-10-04T15:09:05","modified_gmt":"2022-10-04T18:09:05","slug":"semana-da-melhor-idade-lablife","status":"publish","type":"post","link":"https:\/\/www.lablife.com.br\/site\/semana-da-melhor-idade-lablife\/","title":{"rendered":"Semana da Melhor Idade LabLife"},"content":{"rendered":"<p><span style=\"font-weight: 400;\">No dia 01 de Outubro \u00e9 comemorado internacionalmente como Dia do Idoso. <\/span><\/p>\n<p><span style=\"font-weight: 400;\">O LabLife acredita que, quandoo chegamos \u00e0 melhor, cuidar da sa\u00fade \u00e9 prioridade. <\/span><span style=\"font-weight: 400;\">Por isso, entre os dias 3 a 7 de outubro, o Lablife vai promover a <strong>SEMANA da MELHOR IDADE<\/strong>, onde clientes acima de <strong>65<\/strong> anos ir\u00e3o desfrutar do servi\u00e7o de COLETA DOMILICIAR com o deslocamento totalmente gr\u00e1tis.\u00a0<\/span><\/p>\n<p><span style=\"font-weight: 400;\">\u00a0<\/span><span style=\"font-weight: 400;\">Confira as regras de participa\u00e7\u00e3o abaixo:<\/span><\/p>\n<ul>\n<li style=\"font-weight: 400;\" aria-level=\"1\"><span style=\"font-weight: 400;\">As vagas para agendamento de Coleta Domiciliar s\u00e3o limitadas diariamente para garantir a agilidade e seguran\u00e7a no percurso de coleta.<\/span><\/li>\n<\/ul>\n<ul>\n<li style=\"font-weight: 400;\" aria-level=\"1\"><span style=\"font-weight: 400;\">A taxa de deslocamento para a Coleta Domiciliar \u00e9 gratuita apenas nos bairros listados abaixo:<br \/>\n<\/span><\/li>\n<\/ul>\n<p>&nbsp;<\/p>\n<p><span style=\"font-weight: 400;\">Acarape<\/span><\/p>\n<p><span style=\"font-weight: 400;\">Aeroporto<\/span><\/p>\n<p><span style=\"font-weight: 400;\">\u00c1gua Mineral<\/span><span style=\"font-weight: 400;\"><br \/>\n<\/span><span style=\"font-weight: 400;\">Alegre<\/span><\/p>\n<p><span style=\"font-weight: 400;\">Alto Alegre<\/span><\/p>\n<p><span style=\"font-weight: 400;\">Ang\u00e9lica<\/span><\/p>\n<p><span style=\"font-weight: 400;\">Angelim<\/span><\/p>\n<p><span style=\"font-weight: 400;\">Areais<\/span><\/p>\n<p><span style=\"font-weight: 400;\">Aroeiras<\/span><\/p>\n<p><span style=\"font-weight: 400;\">\u00c1rvores Verdes<\/span><\/p>\n<p><span style=\"font-weight: 400;\">Beira Rio<\/span><\/p>\n<p><span style=\"font-weight: 400;\">Bela Vista\u00a0<\/span><\/p>\n<p><span style=\"font-weight: 400;\">Bom Jesus<\/span><\/p>\n<p><span style=\"font-weight: 400;\">Bom Princ\u00edpio<\/span><\/p>\n<p><span style=\"font-weight: 400;\">Brasilar<\/span><\/p>\n<p><span style=\"font-weight: 400;\">Buenos Aires<\/span><\/p>\n<p><span style=\"font-weight: 400;\">Cabral<\/span><span style=\"font-weight: 400;\"><br \/>\n<\/span><span style=\"font-weight: 400;\">Camprestre<\/span><\/p>\n<p><span style=\"font-weight: 400;\">Catarina<\/span><\/p>\n<p><span style=\"font-weight: 400;\">Centro<\/span><\/p>\n<p><span style=\"font-weight: 400;\">Cidade Jardim<\/span><\/p>\n<p><span style=\"font-weight: 400;\">Cidade Nova<\/span><\/p>\n<p><span style=\"font-weight: 400;\">Colorado<\/span><\/p>\n<p><span style=\"font-weight: 400;\">Comprida<\/span><\/p>\n<p><span style=\"font-weight: 400;\">Cristo Rei<\/span><\/p>\n<p><span style=\"font-weight: 400;\">Distrito Industrial<\/span><\/p>\n<p><span style=\"font-weight: 400;\">Embrapa<\/span><\/p>\n<p><span style=\"font-weight: 400;\">Esplanada<\/span><\/p>\n<p><span style=\"font-weight: 400;\">Extrema<\/span><\/p>\n<p><span style=\"font-weight: 400;\">F\u00e1tima<\/span><\/p>\n<p><span style=\"font-weight: 400;\">Flor do Campo<\/span><\/p>\n<p><span style=\"font-weight: 400;\">Frei Serafim<\/span><\/p>\n<p><span style=\"font-weight: 400;\">Gurupi<\/span><\/p>\n<p><span style=\"font-weight: 400;\">Horto<\/span><\/p>\n<p><span style=\"font-weight: 400;\">Ilhotas<\/span><\/p>\n<p><span style=\"font-weight: 400;\">Ininga<\/span><\/p>\n<p><span style=\"font-weight: 400;\">Itaperu<\/span><\/p>\n<p><span style=\"font-weight: 400;\">Itarar\u00e9<\/span><\/p>\n<p><span style=\"font-weight: 400;\">Jacinta Andrade<\/span><\/p>\n<p><span style=\"font-weight: 400;\">J\u00f3quei<\/span><\/p>\n<p><span style=\"font-weight: 400;\">Livramento<\/span><\/p>\n<p><span style=\"font-weight: 400;\">Lourival Parente<\/span><\/p>\n<p><span style=\"font-weight: 400;\">Maca\u00faba<\/span><\/p>\n<p><span style=\"font-weight: 400;\">Mafrense<\/span><\/p>\n<p><span style=\"font-weight: 400;\">Mafu\u00e1<\/span><\/p>\n<p><span style=\"font-weight: 400;\">Marqu\u00eas<\/span><\/p>\n<p><span style=\"font-weight: 400;\">Matadouro<\/span><\/p>\n<p><span style=\"font-weight: 400;\">Matinha<\/span><\/p>\n<p><span style=\"font-weight: 400;\">Memorare<\/span><\/p>\n<p><span style=\"font-weight: 400;\">Mocambinho<\/span><\/p>\n<p><span style=\"font-weight: 400;\">Monte Castelo<\/span><\/p>\n<p><span style=\"font-weight: 400;\">Monte Verde<\/span><\/p>\n<p><span style=\"font-weight: 400;\">Morada do Sol<\/span><\/p>\n<p><span style=\"font-weight: 400;\">Morada Nova<\/span><\/p>\n<p><span style=\"font-weight: 400;\">Morro da Esperan\u00e7a<\/span><\/p>\n<p><span style=\"font-weight: 400;\">Morros<\/span><\/p>\n<p><span style=\"font-weight: 400;\">Noivos<\/span><\/p>\n<p><span style=\"font-weight: 400;\">Nossa Senhora das Gra\u00e7as<\/span><\/p>\n<p><span style=\"font-weight: 400;\">Nova Bras\u00edlia<\/span><\/p>\n<p><span style=\"font-weight: 400;\">Novo Horizonte<\/span><\/p>\n<p><span style=\"font-weight: 400;\">Novo Uruguai<\/span><\/p>\n<p><span style=\"font-weight: 400;\">Olarias<\/span><\/p>\n<p><span style=\"font-weight: 400;\">Parque Alvorada<\/span><\/p>\n<p><span style=\"font-weight: 400;\">Parque Brasil<\/span><\/p>\n<p><span style=\"font-weight: 400;\">Parque Jacinta<\/span><\/p>\n<p><span style=\"font-weight: 400;\">Parque Eliana<\/span><\/p>\n<p><span style=\"font-weight: 400;\">Parque Piau\u00ed<\/span><\/p>\n<p><span style=\"font-weight: 400;\">Parque Poti\u00a0<\/span><\/p>\n<p><span style=\"font-weight: 400;\">Parque S\u00e3o Jo\u00e3o<\/span><\/p>\n<p><span style=\"font-weight: 400;\">Parque Sul<\/span><\/p>\n<p><span style=\"font-weight: 400;\">Pedra Mi\u00fada<\/span><\/p>\n<p><span style=\"font-weight: 400;\">Pedra Mole<\/span><span style=\"font-weight: 400;\"><br \/>\n<\/span><span style=\"font-weight: 400;\">Pi\u00e7arreira<\/span><\/p>\n<p><span style=\"font-weight: 400;\">Pio XiII<\/span><\/p>\n<p><span style=\"font-weight: 400;\">Piraj\u00e1<\/span><\/p>\n<p><span style=\"font-weight: 400;\">Planalto<\/span><\/p>\n<p><span style=\"font-weight: 400;\">Porenquanto<\/span><\/p>\n<p><span style=\"font-weight: 400;\">Portal da Alegria<\/span><\/p>\n<p><span style=\"font-weight: 400;\">Porto do Centro<\/span><\/p>\n<p><span style=\"font-weight: 400;\">Poti Velho<\/span><\/p>\n<p><span style=\"font-weight: 400;\">Primavera<\/span><\/p>\n<p><span style=\"font-weight: 400;\">Promorar<\/span><span style=\"font-weight: 400;\"><br \/>\n<\/span><span style=\"font-weight: 400;\">Real Copagre<\/span><\/p>\n<p><span style=\"font-weight: 400;\">Recanto das Palmeiras<\/span><\/p>\n<p><span style=\"font-weight: 400;\">Reden\u00e7\u00e3o<\/span><\/p>\n<p><span style=\"font-weight: 400;\">Renascen\u00e7a<\/span><\/p>\n<p><span style=\"font-weight: 400;\">Saci<\/span><\/p>\n<p><span style=\"font-weight: 400;\">Samapi<\/span><\/p>\n<p><span style=\"font-weight: 400;\">Santa Cruz<\/span><\/p>\n<p><span style=\"font-weight: 400;\">Santa Isabel<\/span><\/p>\n<p><span style=\"font-weight: 400;\">Santa Lia<\/span><\/p>\n<p><span style=\"font-weight: 400;\">Santa Luzia<\/span><\/p>\n<p><span style=\"font-weight: 400;\">Santa Maria<\/span><\/p>\n<p><span style=\"font-weight: 400;\">Santa Rosa<\/span><\/p>\n<p><span style=\"font-weight: 400;\">Santo Ant\u00f4nio<\/span><\/p>\n<p><span style=\"font-weight: 400;\">S\u00e3o Crist\u00f3v\u00e3o\u00a0<\/span><\/p>\n<p><span style=\"font-weight: 400;\">S\u00e3o Jo\u00e3o<\/span><\/p>\n<p><span style=\"font-weight: 400;\">S\u00e3o Joaquim<\/span><\/p>\n<p><span style=\"font-weight: 400;\">S\u00e3o Louren\u00e7o<\/span><\/p>\n<p><span style=\"font-weight: 400;\">S\u00e3o Pedro<\/span><\/p>\n<p><span style=\"font-weight: 400;\">S\u00e3o Raimundo<\/span><\/p>\n<p><span style=\"font-weight: 400;\">S\u00e3o Sebasti\u00e3o<\/span><\/p>\n<p><span style=\"font-weight: 400;\">Sat\u00e9lite<\/span><\/p>\n<p><span style=\"font-weight: 400;\">Socopo<\/span><\/p>\n<p><span style=\"font-weight: 400;\">Tabajaras<\/span><\/p>\n<p><span style=\"font-weight: 400;\">Tabuleta<\/span><\/p>\n<p><span style=\"font-weight: 400;\">Tancredo Neves<\/span><\/p>\n<p><span style=\"font-weight: 400;\">Todos os Santos<\/span><\/p>\n<p><span style=\"font-weight: 400;\">Torquato Neto\u00a0<\/span><\/p>\n<p><span style=\"font-weight: 400;\">Tr\u00eas Andares<\/span><\/p>\n<p><span style=\"font-weight: 400;\">Triunfo<\/span><\/p>\n<p><span style=\"font-weight: 400;\">Uruguai<\/span><\/p>\n<p><span style=\"font-weight: 400;\">Vale do Gavi\u00e3o<\/span><\/p>\n<p><span style=\"font-weight: 400;\">Vale Quem Tem\u00a0<\/span><\/p>\n<p><span style=\"font-weight: 400;\">Verde Cap<\/span><\/p>\n<p><span style=\"font-weight: 400;\">Verde Lar<\/span><\/p>\n<p><span style=\"font-weight: 400;\">Vermelha<\/span><\/p>\n<p><span style=\"font-weight: 400;\">Vila Oper\u00e1ria<\/span><\/p>\n<p><span style=\"font-weight: 400;\">Vila S\u00e3o Francisco\u00a0<\/span><\/p>\n<p><span style=\"font-weight: 400;\">Zoobot\u00e2nico<\/span><\/p>\n<p>&nbsp;<\/p>\n<p><span style=\"font-weight: 400;\">A Semana da Melhor idade ocorre durante a primeira semana de outubro, enquanto houver vagas para agendamento.\u00a0<\/span><\/p>\n<p>&nbsp;<\/p>\n<p><span style=\"font-weight: 400;\">Semana da Melhor Idade, <strong>o LabLife cuidando de voc\u00ea no conforto do seu lar<\/strong>.\u00a0<\/span><\/p>\n<p>&nbsp;<\/p>\n","protected":false},"excerpt":{"rendered":"<p>No dia 01 de Outubro \u00e9 comemorado internacionalmente como Dia do Idoso. O LabLife acredita que, quandoo chegamos \u00e0 melhor, cuidar da sa\u00fade \u00e9 prioridade. Por isso, entre os dias 3 a 7 de outubro, o Lablife vai promover a SEMANA da MELHOR IDADE, onde clientes acima de 65 anos ir\u00e3o desfrutar do servi\u00e7o de [&hellip;]<\/p>\n","protected":false},"author":3,"featured_media":6836,"comment_status":"closed","ping_status":"closed","sticky":false,"template":"","format":"standard","meta":{"footnotes":""},"categories":[1],"tags":[],"class_list":["post-6840","post","type-post","status-publish","format-standard","has-post-thumbnail","hentry","category-geral"],"aioseo_notices":[],"_links":{"self":[{"href":"https:\/\/www.lablife.com.br\/site\/wp-json\/wp\/v2\/posts\/6840","targetHints":{"allow":["GET"]}}],"collection":[{"href":"https:\/\/www.lablife.com.br\/site\/wp-json\/wp\/v2\/posts"}],"about":[{"href":"https:\/\/www.lablife.com.br\/site\/wp-json\/wp\/v2\/types\/post"}],"author":[{"embeddable":true,"href":"https:\/\/www.lablife.com.br\/site\/wp-json\/wp\/v2\/users\/3"}],"replies":[{"embeddable":true,"href":"https:\/\/www.lablife.com.br\/site\/wp-json\/wp\/v2\/comments?post=6840"}],"version-history":[{"count":3,"href":"https:\/\/www.lablife.com.br\/site\/wp-json\/wp\/v2\/posts\/6840\/revisions"}],"predecessor-version":[{"id":6844,"href":"https:\/\/www.lablife.com.br\/site\/wp-json\/wp\/v2\/posts\/6840\/revisions\/6844"}],"wp:featuredmedia":[{"embeddable":true,"href":"https:\/\/www.lablife.com.br\/site\/wp-json\/wp\/v2\/media\/6836"}],"wp:attachment":[{"href":"https:\/\/www.lablife.com.br\/site\/wp-json\/wp\/v2\/media?parent=6840"}],"wp:term":[{"taxonomy":"category","embeddable":true,"href":"https:\/\/www.lablife.com.br\/site\/wp-json\/wp\/v2\/categories?post=6840"},{"taxonomy":"post_tag","embeddable":true,"href":"https:\/\/www.lablife.com.br\/site\/wp-json\/wp\/v2\/tags?post=6840"}],"curies":[{"name":"wp","href":"https:\/\/api.w.org\/{rel}","templated":true}]}}